{"id":9354,"date":"2024-07-20T18:51:24","date_gmt":"2024-07-20T16:51:24","guid":{"rendered":"http:\/\/millalprofessional.com\/?p=9354"},"modified":"2024-07-22T21:34:18","modified_gmt":"2024-07-22T19:34:18","slug":"gel-aloe-vera-cheveux-astuces-cheveux-pleine-sante","status":"publish","type":"post","link":"https:\/\/millalprofessional.com\/ar\/gel-aloe-vera-cheveux-astuces-cheveux-pleine-sante\/","title":{"rendered":"Gel Alo\u00e9 Vera Cheveux: Les Astuces pour des Cheveux en Pleine Sant\u00e9"},"content":{"rendered":"<p>Vous \u00eates \u00e0 la recherche de conseils pour des cheveux en bonne sant\u00e9? Comment le gel alo\u00e9 vera peut-il \u00eatre b\u00e9n\u00e9fique pour les cheveux? Explorez la mani\u00e8re d&#8217;utiliser ce gel naturel pour prendre soin de vos cheveux.<\/p>\n<figure id=\"attachment_9355\" aria-describedby=\"caption-attachment-9355\" style=\"width: 1050px\" class=\"wp-caption alignnone\"><a href=\"http:\/\/millalprofessional.com\/wp-content\/uploads\/2024\/07\/Gel-Aloe-Vera-Cheveux-Les-Astuces-pour-des-Cheveux-en-Pleine-Sante.webp\"><img fetchpriority=\"high\" decoding=\"async\" class=\"wp-image-9355 size-full\" title=\"Gel Alo\u00e9 Vera Cheveux Les Astuces pour des Cheveux en Pleine Sant\u00e9\" src=\"http:\/\/millalprofessional.com\/wp-content\/uploads\/2024\/07\/Gel-Aloe-Vera-Cheveux-Les-Astuces-pour-des-Cheveux-en-Pleine-Sante.webp\" alt=\"Gel Alo\u00e9 Vera Cheveux Les Astuces pour des Cheveux en Pleine Sant\u00e9\" width=\"1050\" height=\"690\" srcset=\"https:\/\/millalprofessional.com\/wp-content\/uploads\/2024\/07\/Gel-Aloe-Vera-Cheveux-Les-Astuces-pour-des-Cheveux-en-Pleine-Sante.webp 1050w, https:\/\/millalprofessional.com\/wp-content\/uploads\/2024\/07\/Gel-Aloe-Vera-Cheveux-Les-Astuces-pour-des-Cheveux-en-Pleine-Sante-300x197.webp 300w, https:\/\/millalprofessional.com\/wp-content\/uploads\/2024\/07\/Gel-Aloe-Vera-Cheveux-Les-Astuces-pour-des-Cheveux-en-Pleine-Sante-1024x673.webp 1024w, https:\/\/millalprofessional.com\/wp-content\/uploads\/2024\/07\/Gel-Aloe-Vera-Cheveux-Les-Astuces-pour-des-Cheveux-en-Pleine-Sante-768x505.webp 768w, https:\/\/millalprofessional.com\/wp-content\/uploads\/2024\/07\/Gel-Aloe-Vera-Cheveux-Les-Astuces-pour-des-Cheveux-en-Pleine-Sante-18x12.webp 18w, https:\/\/millalprofessional.com\/wp-content\/uploads\/2024\/07\/Gel-Aloe-Vera-Cheveux-Les-Astuces-pour-des-Cheveux-en-Pleine-Sante-600x394.webp 600w\" sizes=\"(max-width: 1050px) 100vw, 1050px\" \/><\/a><figcaption id=\"caption-attachment-9355\" class=\"wp-caption-text\">Gel Alo\u00e9 Vera Cheveux Les Astuces pour des Cheveux en Pleine Sant\u00e9<\/figcaption><\/figure>\n<h2>Le Gel Alo\u00e9 Vera a des avantages pour les cheveux<\/h2>\n<h3>Hydrater et fournir une nutrition aux cheveux<\/h3>\n<p>Le gel \u00e0 base d&#8217;alo\u00e9 vera contient une grande quantit\u00e9 de vitamines, min\u00e9raux et acides amin\u00e9s qui hydratent et nourrissent en profondeur les cheveux. Il contribue \u00e0 \u00e9viter la s\u00e9cheresse et \u00e0 pr\u00e9server la vitalit\u00e9 de vos tresses.<\/p>\n<h3>Afin de calmer le cuir chevelu<\/h3>\n<p>Le gel alo\u00e9 vera, gr\u00e2ce \u00e0 ses propri\u00e9t\u00e9s anti-inflammatoires et apaisantes, est parfait pour apaiser les irritations et les d\u00e9mangeaisons du cuir chevelu. Il favorise aussi la diminution des pellicules et l&#8217;am\u00e9lioration de la sant\u00e9 du cuir chevelu.<\/p>\n<h2>Comment utiliser efficacement le Gel Alo\u00e9 Vera pour les cheveux?<\/h2>\n<ul>\n<li>Appliquer en utilisant un masque capillaire.<\/li>\n<li>Utilisez en compl\u00e9ment du shampooing.<\/li>\n<li>Effectuer des massages sur le cuir chevelu.<\/li>\n<li>Prendre en compte d&#8217;autres ingr\u00e9dients naturels.<\/li>\n<li>Inclure dans votre gamme de produits capillaires<\/li>\n<\/ul>\n<h2>Les m\u00e9thodes les plus efficaces pour utiliser le gel d&#8217;aloe vera<\/h2>\n<h3>Appliquer en tant que masque capillaire<\/h3>\n<p>Afin d&#8217;obtenir un traitement intensif, appliquez le gel alo\u00e9 vera sur toutes vos cheveux et laissez-le agir pendant 30 minutes avant de le rincer. Il est \u00e9galement possible de combiner le gel avec d&#8217;autres \u00e9l\u00e9ments tels que l&#8217;huile de coco ou le miel afin d&#8217;obtenir un masque encore plus nutritif.<\/p>\n<h3>Utilisez ensuite apr\u00e8s le shampooing<\/h3>\n<p>Il est possible d&#8217;utiliser le gel alo\u00e9 vera comme un apr\u00e8s-shampooing naturel afin d&#8217;hydrater et de d\u00e9m\u00ealer vos cheveux. Apr\u00e8s le shampooing, appliquez-le sur vos cheveux, laissez-le poser quelques minutes, puis rincez-le abondamment.<\/p>\n<h3>Faites des massages sur le cuir chevelu<\/h3>\n<p>Stimulez la circulation sanguine en massant votre cuir chevelu avec du gel alo\u00e9 vera afin de favoriser la croissance des cheveux. Il est \u00e9galement b\u00e9n\u00e9fique de faire des massages r\u00e9guli\u00e8rement afin de soulager les irritations et d&#8217;am\u00e9liorer la sant\u00e9 de la barbe.<\/p>\n<h3>Combiner avec d&#8217;autres compos\u00e9s naturels<\/h3>\n<p>Pour obtenir un soin capillaire encore plus complet, il est possible de combiner le gel alo\u00e9 vera avec d&#8217;autres ingr\u00e9dients naturels tels que l&#8217;huile d&#8217;olive, le citron ou l&#8217;avocat. Ces m\u00e9langes offrent d&#8217;autres avantages \u00e0 vos cheveux.<\/p>\n<h3>Incorporer dans vos produits capillaires<\/h3>\n<p>Pour renforcer leurs propri\u00e9t\u00e9s hydratantes et nourrissantes, il est possible d&#8217;incorporer quelques gouttes de gel alo\u00e9 vera dans vos shampooings, apr\u00e8s-shampooings ou masques capillaires. Cela facilite l&#8217;incorporation du gel alo\u00e9 vera dans votre routine de soin des cheveux.<\/p>\n<h2>En conclusion<\/h2>\n<p>Le gel \u00e0 base d&#8217;alo\u00e9 vera est un pr\u00e9cieux alli\u00e9 pour prendre soin de vos cheveux. Gr\u00e2ce \u00e0 ses propri\u00e9t\u00e9s d&#8217;hydratation, de relaxation et de stimulation, il contribue \u00e0 am\u00e9liorer la sant\u00e9 et le d\u00e9veloppement de vos cheveux. Prenez ce gel en compte dans votre routine capillaire afin d&#8217;obtenir des cheveux plus forts, plus \u00e9clatants et en bonne sant\u00e9.<\/p>","protected":false},"excerpt":{"rendered":"<p>Vous \u00eates \u00e0 la recherche de conseils pour des cheveux en bonne sant\u00e9? Comment le gel alo\u00e9 vera peut-il \u00eatre b\u00e9n\u00e9fique pour les cheveux? Explorez la mani\u00e8re d&#8217;utiliser ce gel naturel pour prendre soin de vos cheveux. Le Gel Alo\u00e9 Vera a des avantages pour les cheveux Hydrater et fournir une nutrition aux cheveux Le [&hellip;]<\/p>","protected":false},"author":2,"featured_media":9355,"comment_status":"open","ping_status":"open","sticky":false,"template":"","format":"standard","meta":{"_acf_changed":false,"iawp_total_views":54,"footnotes":""},"categories":[128],"tags":[256,258,255,259,257],"class_list":["post-9354","post","type-post","status-publish","format-standard","has-post-thumbnail","hentry","category-non-classe-fr","tag-bienfaits-gel-aloe-vera-cheveux","tag-cheveux-gel-aloe-vera","tag-gel-aloe-vera-cheveux","tag-soin-capillaire-gel-aloe-vera","tag-utilisation-gel-aloe-vera-cheveux"],"acf":[],"yoast_head":"<!-- This site is optimized with the Yoast SEO plugin v27.4 - https:\/\/yoast.com\/product\/yoast-seo-wordpress\/ -->\n<title>Astuces Gel Alo\u00e9 Vera pour des Cheveux en Pleine Sant\u00e9<\/title>\n<meta name=\"description\" content=\"Utiliser le gel alo\u00e9 vera pour des cheveux en pleine sant\u00e9. Tirer le meilleur parti de ce gel naturel pour vos soins capillaires.\" \/>\n<meta name=\"robots\" content=\"index, follow, max-snippet:-1, max-image-preview:large, max-video-preview:-1\" \/>\n<link rel=\"canonical\" href=\"https:\/\/millalprofessional.com\/ar\/gel-aloe-vera-cheveux-astuces-cheveux-pleine-sante\/\" \/>\n<meta property=\"og:locale\" content=\"ar_AR\" \/>\n<meta property=\"og:type\" content=\"article\" \/>\n<meta property=\"og:title\" content=\"Astuces Gel Alo\u00e9 Vera pour des Cheveux en Pleine Sant\u00e9\" \/>\n<meta property=\"og:description\" content=\"Utiliser le gel alo\u00e9 vera pour des cheveux en pleine sant\u00e9. Tirer le meilleur parti de ce gel naturel pour vos soins capillaires.\" \/>\n<meta property=\"og:url\" content=\"https:\/\/millalprofessional.com\/ar\/gel-aloe-vera-cheveux-astuces-cheveux-pleine-sante\/\" \/>\n<meta property=\"og:site_name\" content=\"Milla L.\" \/>\n<meta property=\"article:published_time\" content=\"2024-07-20T16:51:24+00:00\" \/>\n<meta property=\"article:modified_time\" content=\"2024-07-22T19:34:18+00:00\" \/>\n<meta property=\"og:image\" content=\"https:\/\/millalprofessional.com\/wp-content\/uploads\/2024\/07\/Gel-Aloe-Vera-Cheveux-Les-Astuces-pour-des-Cheveux-en-Pleine-Sante.webp\" \/>\n\t<meta property=\"og:image:width\" content=\"1050\" \/>\n\t<meta property=\"og:image:height\" content=\"690\" \/>\n\t<meta property=\"og:image:type\" content=\"image\/webp\" \/>\n<meta name=\"author\" content=\"AGATHE LAMBERT\" \/>\n<meta name=\"twitter:card\" content=\"summary_large_image\" \/>\n<meta name=\"twitter:label1\" content=\"Written by\" \/>\n\t<meta name=\"twitter:data1\" content=\"AGATHE LAMBERT\" \/>\n\t<meta name=\"twitter:label2\" content=\"Est. reading time\" \/>\n\t<meta name=\"twitter:data2\" content=\"3 minutes\" \/>\n<script type=\"application\/ld+json\" class=\"yoast-schema-graph\">{\"@context\":\"https:\\\/\\\/schema.org\",\"@graph\":[{\"@type\":\"Article\",\"@id\":\"https:\\\/\\\/millalprofessional.com\\\/gel-aloe-vera-cheveux-astuces-cheveux-pleine-sante\\\/#article\",\"isPartOf\":{\"@id\":\"https:\\\/\\\/millalprofessional.com\\\/gel-aloe-vera-cheveux-astuces-cheveux-pleine-sante\\\/\"},\"author\":{\"name\":\"AGATHE LAMBERT\",\"@id\":\"https:\\\/\\\/millalprofessional.com\\\/#\\\/schema\\\/person\\\/f724b130ea6d0e569b2c492481d7fbd0\"},\"headline\":\"Gel Alo\u00e9 Vera Cheveux: Les Astuces pour des Cheveux en Pleine Sant\u00e9\",\"datePublished\":\"2024-07-20T16:51:24+00:00\",\"dateModified\":\"2024-07-22T19:34:18+00:00\",\"mainEntityOfPage\":{\"@id\":\"https:\\\/\\\/millalprofessional.com\\\/gel-aloe-vera-cheveux-astuces-cheveux-pleine-sante\\\/\"},\"wordCount\":559,\"commentCount\":0,\"publisher\":{\"@id\":\"https:\\\/\\\/millalprofessional.com\\\/#organization\"},\"image\":{\"@id\":\"https:\\\/\\\/millalprofessional.com\\\/gel-aloe-vera-cheveux-astuces-cheveux-pleine-sante\\\/#primaryimage\"},\"thumbnailUrl\":\"https:\\\/\\\/millalprofessional.com\\\/wp-content\\\/uploads\\\/2024\\\/07\\\/Gel-Aloe-Vera-Cheveux-Les-Astuces-pour-des-Cheveux-en-Pleine-Sante.webp\",\"keywords\":[\"bienfaits gel alo\u00e9 vera cheveux\",\"cheveux gel alo\u00e9 vera\",\"gel alo\u00e9 vera cheveux\",\"soin capillaire gel alo\u00e9 vera\",\"utilisation gel alo\u00e9 vera cheveux\"],\"articleSection\":[\"Non class\u00e9\"],\"inLanguage\":\"ary\",\"potentialAction\":[{\"@type\":\"CommentAction\",\"name\":\"Comment\",\"target\":[\"https:\\\/\\\/millalprofessional.com\\\/gel-aloe-vera-cheveux-astuces-cheveux-pleine-sante\\\/#respond\"]}]},{\"@type\":\"WebPage\",\"@id\":\"https:\\\/\\\/millalprofessional.com\\\/gel-aloe-vera-cheveux-astuces-cheveux-pleine-sante\\\/\",\"url\":\"https:\\\/\\\/millalprofessional.com\\\/gel-aloe-vera-cheveux-astuces-cheveux-pleine-sante\\\/\",\"name\":\"Astuces Gel Alo\u00e9 Vera pour des Cheveux en Pleine Sant\u00e9\",\"isPartOf\":{\"@id\":\"https:\\\/\\\/millalprofessional.com\\\/#website\"},\"primaryImageOfPage\":{\"@id\":\"https:\\\/\\\/millalprofessional.com\\\/gel-aloe-vera-cheveux-astuces-cheveux-pleine-sante\\\/#primaryimage\"},\"image\":{\"@id\":\"https:\\\/\\\/millalprofessional.com\\\/gel-aloe-vera-cheveux-astuces-cheveux-pleine-sante\\\/#primaryimage\"},\"thumbnailUrl\":\"https:\\\/\\\/millalprofessional.com\\\/wp-content\\\/uploads\\\/2024\\\/07\\\/Gel-Aloe-Vera-Cheveux-Les-Astuces-pour-des-Cheveux-en-Pleine-Sante.webp\",\"datePublished\":\"2024-07-20T16:51:24+00:00\",\"dateModified\":\"2024-07-22T19:34:18+00:00\",\"description\":\"Utiliser le gel alo\u00e9 vera pour des cheveux en pleine sant\u00e9. Tirer le meilleur parti de ce gel naturel pour vos soins capillaires.\",\"inLanguage\":\"ary\",\"potentialAction\":[{\"@type\":\"ReadAction\",\"target\":[\"https:\\\/\\\/millalprofessional.com\\\/gel-aloe-vera-cheveux-astuces-cheveux-pleine-sante\\\/\"]}]},{\"@type\":\"ImageObject\",\"inLanguage\":\"ary\",\"@id\":\"https:\\\/\\\/millalprofessional.com\\\/gel-aloe-vera-cheveux-astuces-cheveux-pleine-sante\\\/#primaryimage\",\"url\":\"https:\\\/\\\/millalprofessional.com\\\/wp-content\\\/uploads\\\/2024\\\/07\\\/Gel-Aloe-Vera-Cheveux-Les-Astuces-pour-des-Cheveux-en-Pleine-Sante.webp\",\"contentUrl\":\"https:\\\/\\\/millalprofessional.com\\\/wp-content\\\/uploads\\\/2024\\\/07\\\/Gel-Aloe-Vera-Cheveux-Les-Astuces-pour-des-Cheveux-en-Pleine-Sante.webp\",\"width\":1050,\"height\":690,\"caption\":\"Gel Alo\u00e9 Vera Cheveux Les Astuces pour des Cheveux en Pleine Sant\u00e9\"},{\"@type\":\"WebSite\",\"@id\":\"https:\\\/\\\/millalprofessional.com\\\/#website\",\"url\":\"https:\\\/\\\/millalprofessional.com\\\/\",\"name\":\"Milla L.\",\"description\":\" Experts en Lissages Professionnels et Soins Lissants sur-mesure\",\"publisher\":{\"@id\":\"https:\\\/\\\/millalprofessional.com\\\/#organization\"},\"potentialAction\":[{\"@type\":\"SearchAction\",\"target\":{\"@type\":\"EntryPoint\",\"urlTemplate\":\"https:\\\/\\\/millalprofessional.com\\\/?s={search_term_string}\"},\"query-input\":{\"@type\":\"PropertyValueSpecification\",\"valueRequired\":true,\"valueName\":\"search_term_string\"}}],\"inLanguage\":\"ary\"},{\"@type\":\"Organization\",\"@id\":\"https:\\\/\\\/millalprofessional.com\\\/#organization\",\"name\":\"Milla L.\",\"url\":\"https:\\\/\\\/millalprofessional.com\\\/\",\"logo\":{\"@type\":\"ImageObject\",\"inLanguage\":\"ary\",\"@id\":\"https:\\\/\\\/millalprofessional.com\\\/#\\\/schema\\\/logo\\\/image\\\/\",\"url\":\"https:\\\/\\\/millalprofessional.com\\\/wp-content\\\/uploads\\\/2023\\\/03\\\/Logo-Milla-L2_page-0002-scaled.jpg\",\"contentUrl\":\"https:\\\/\\\/millalprofessional.com\\\/wp-content\\\/uploads\\\/2023\\\/03\\\/Logo-Milla-L2_page-0002-scaled.jpg\",\"width\":2560,\"height\":2560,\"caption\":\"Milla L.\"},\"image\":{\"@id\":\"https:\\\/\\\/millalprofessional.com\\\/#\\\/schema\\\/logo\\\/image\\\/\"}},{\"@type\":\"Person\",\"@id\":\"https:\\\/\\\/millalprofessional.com\\\/#\\\/schema\\\/person\\\/f724b130ea6d0e569b2c492481d7fbd0\",\"name\":\"AGATHE LAMBERT\",\"image\":{\"@type\":\"ImageObject\",\"inLanguage\":\"ary\",\"@id\":\"https:\\\/\\\/secure.gravatar.com\\\/avatar\\\/ce4a24e3fe68a5695d695f7d4a649848a66ca29d1d5a8b231c95742c0357d5d0?s=96&d=mm&r=g\",\"url\":\"https:\\\/\\\/secure.gravatar.com\\\/avatar\\\/ce4a24e3fe68a5695d695f7d4a649848a66ca29d1d5a8b231c95742c0357d5d0?s=96&d=mm&r=g\",\"contentUrl\":\"https:\\\/\\\/secure.gravatar.com\\\/avatar\\\/ce4a24e3fe68a5695d695f7d4a649848a66ca29d1d5a8b231c95742c0357d5d0?s=96&d=mm&r=g\",\"caption\":\"AGATHE LAMBERT\"}}]}<\/script>\n<!-- \/ Yoast SEO plugin. -->","yoast_head_json":{"title":"Astuces Gel Alo\u00e9 Vera pour des Cheveux en Pleine Sant\u00e9","description":"Utiliser le gel alo\u00e9 vera pour des cheveux en pleine sant\u00e9. Tirer le meilleur parti de ce gel naturel pour vos soins capillaires.","robots":{"index":"index","follow":"follow","max-snippet":"max-snippet:-1","max-image-preview":"max-image-preview:large","max-video-preview":"max-video-preview:-1"},"canonical":"https:\/\/millalprofessional.com\/ar\/gel-aloe-vera-cheveux-astuces-cheveux-pleine-sante\/","og_locale":"ar_AR","og_type":"article","og_title":"Astuces Gel Alo\u00e9 Vera pour des Cheveux en Pleine Sant\u00e9","og_description":"Utiliser le gel alo\u00e9 vera pour des cheveux en pleine sant\u00e9. Tirer le meilleur parti de ce gel naturel pour vos soins capillaires.","og_url":"https:\/\/millalprofessional.com\/ar\/gel-aloe-vera-cheveux-astuces-cheveux-pleine-sante\/","og_site_name":"Milla L.","article_published_time":"2024-07-20T16:51:24+00:00","article_modified_time":"2024-07-22T19:34:18+00:00","og_image":[{"width":1050,"height":690,"url":"https:\/\/millalprofessional.com\/wp-content\/uploads\/2024\/07\/Gel-Aloe-Vera-Cheveux-Les-Astuces-pour-des-Cheveux-en-Pleine-Sante.webp","type":"image\/webp"}],"author":"AGATHE LAMBERT","twitter_card":"summary_large_image","twitter_misc":{"Written by":"AGATHE LAMBERT","Est. reading time":"3 minutes"},"schema":{"@context":"https:\/\/schema.org","@graph":[{"@type":"Article","@id":"https:\/\/millalprofessional.com\/gel-aloe-vera-cheveux-astuces-cheveux-pleine-sante\/#article","isPartOf":{"@id":"https:\/\/millalprofessional.com\/gel-aloe-vera-cheveux-astuces-cheveux-pleine-sante\/"},"author":{"name":"AGATHE LAMBERT","@id":"https:\/\/millalprofessional.com\/#\/schema\/person\/f724b130ea6d0e569b2c492481d7fbd0"},"headline":"Gel Alo\u00e9 Vera Cheveux: Les Astuces pour des Cheveux en Pleine Sant\u00e9","datePublished":"2024-07-20T16:51:24+00:00","dateModified":"2024-07-22T19:34:18+00:00","mainEntityOfPage":{"@id":"https:\/\/millalprofessional.com\/gel-aloe-vera-cheveux-astuces-cheveux-pleine-sante\/"},"wordCount":559,"commentCount":0,"publisher":{"@id":"https:\/\/millalprofessional.com\/#organization"},"image":{"@id":"https:\/\/millalprofessional.com\/gel-aloe-vera-cheveux-astuces-cheveux-pleine-sante\/#primaryimage"},"thumbnailUrl":"https:\/\/millalprofessional.com\/wp-content\/uploads\/2024\/07\/Gel-Aloe-Vera-Cheveux-Les-Astuces-pour-des-Cheveux-en-Pleine-Sante.webp","keywords":["bienfaits gel alo\u00e9 vera cheveux","cheveux gel alo\u00e9 vera","gel alo\u00e9 vera cheveux","soin capillaire gel alo\u00e9 vera","utilisation gel alo\u00e9 vera cheveux"],"articleSection":["Non class\u00e9"],"inLanguage":"ary","potentialAction":[{"@type":"CommentAction","name":"Comment","target":["https:\/\/millalprofessional.com\/gel-aloe-vera-cheveux-astuces-cheveux-pleine-sante\/#respond"]}]},{"@type":"WebPage","@id":"https:\/\/millalprofessional.com\/gel-aloe-vera-cheveux-astuces-cheveux-pleine-sante\/","url":"https:\/\/millalprofessional.com\/gel-aloe-vera-cheveux-astuces-cheveux-pleine-sante\/","name":"Astuces Gel Alo\u00e9 Vera pour des Cheveux en Pleine Sant\u00e9","isPartOf":{"@id":"https:\/\/millalprofessional.com\/#website"},"primaryImageOfPage":{"@id":"https:\/\/millalprofessional.com\/gel-aloe-vera-cheveux-astuces-cheveux-pleine-sante\/#primaryimage"},"image":{"@id":"https:\/\/millalprofessional.com\/gel-aloe-vera-cheveux-astuces-cheveux-pleine-sante\/#primaryimage"},"thumbnailUrl":"https:\/\/millalprofessional.com\/wp-content\/uploads\/2024\/07\/Gel-Aloe-Vera-Cheveux-Les-Astuces-pour-des-Cheveux-en-Pleine-Sante.webp","datePublished":"2024-07-20T16:51:24+00:00","dateModified":"2024-07-22T19:34:18+00:00","description":"Utiliser le gel alo\u00e9 vera pour des cheveux en pleine sant\u00e9. Tirer le meilleur parti de ce gel naturel pour vos soins capillaires.","inLanguage":"ary","potentialAction":[{"@type":"ReadAction","target":["https:\/\/millalprofessional.com\/gel-aloe-vera-cheveux-astuces-cheveux-pleine-sante\/"]}]},{"@type":"ImageObject","inLanguage":"ary","@id":"https:\/\/millalprofessional.com\/gel-aloe-vera-cheveux-astuces-cheveux-pleine-sante\/#primaryimage","url":"https:\/\/millalprofessional.com\/wp-content\/uploads\/2024\/07\/Gel-Aloe-Vera-Cheveux-Les-Astuces-pour-des-Cheveux-en-Pleine-Sante.webp","contentUrl":"https:\/\/millalprofessional.com\/wp-content\/uploads\/2024\/07\/Gel-Aloe-Vera-Cheveux-Les-Astuces-pour-des-Cheveux-en-Pleine-Sante.webp","width":1050,"height":690,"caption":"Gel Alo\u00e9 Vera Cheveux Les Astuces pour des Cheveux en Pleine Sant\u00e9"},{"@type":"WebSite","@id":"https:\/\/millalprofessional.com\/#website","url":"https:\/\/millalprofessional.com\/","name":"Milla L.","description":"Experts en Lissages Professionnels et Soins Lissants sur-mesure","publisher":{"@id":"https:\/\/millalprofessional.com\/#organization"},"potentialAction":[{"@type":"SearchAction","target":{"@type":"EntryPoint","urlTemplate":"https:\/\/millalprofessional.com\/?s={search_term_string}"},"query-input":{"@type":"PropertyValueSpecification","valueRequired":true,"valueName":"search_term_string"}}],"inLanguage":"ary"},{"@type":"Organization","@id":"https:\/\/millalprofessional.com\/#organization","name":"Milla L.","url":"https:\/\/millalprofessional.com\/","logo":{"@type":"ImageObject","inLanguage":"ary","@id":"https:\/\/millalprofessional.com\/#\/schema\/logo\/image\/","url":"https:\/\/millalprofessional.com\/wp-content\/uploads\/2023\/03\/Logo-Milla-L2_page-0002-scaled.jpg","contentUrl":"https:\/\/millalprofessional.com\/wp-content\/uploads\/2023\/03\/Logo-Milla-L2_page-0002-scaled.jpg","width":2560,"height":2560,"caption":"Milla L."},"image":{"@id":"https:\/\/millalprofessional.com\/#\/schema\/logo\/image\/"}},{"@type":"Person","@id":"https:\/\/millalprofessional.com\/#\/schema\/person\/f724b130ea6d0e569b2c492481d7fbd0","name":"AGATHE LAMBERT","image":{"@type":"ImageObject","inLanguage":"ary","@id":"https:\/\/secure.gravatar.com\/avatar\/ce4a24e3fe68a5695d695f7d4a649848a66ca29d1d5a8b231c95742c0357d5d0?s=96&d=mm&r=g","url":"https:\/\/secure.gravatar.com\/avatar\/ce4a24e3fe68a5695d695f7d4a649848a66ca29d1d5a8b231c95742c0357d5d0?s=96&d=mm&r=g","contentUrl":"https:\/\/secure.gravatar.com\/avatar\/ce4a24e3fe68a5695d695f7d4a649848a66ca29d1d5a8b231c95742c0357d5d0?s=96&d=mm&r=g","caption":"AGATHE LAMBERT"}}]}},"post_mailing_queue_ids":[],"_links":{"self":[{"href":"https:\/\/millalprofessional.com\/ar\/wp-json\/wp\/v2\/posts\/9354","targetHints":{"allow":["GET"]}}],"collection":[{"href":"https:\/\/millalprofessional.com\/ar\/wp-json\/wp\/v2\/posts"}],"about":[{"href":"https:\/\/millalprofessional.com\/ar\/wp-json\/wp\/v2\/types\/post"}],"author":[{"embeddable":true,"href":"https:\/\/millalprofessional.com\/ar\/wp-json\/wp\/v2\/users\/2"}],"replies":[{"embeddable":true,"href":"https:\/\/millalprofessional.com\/ar\/wp-json\/wp\/v2\/comments?post=9354"}],"version-history":[{"count":3,"href":"https:\/\/millalprofessional.com\/ar\/wp-json\/wp\/v2\/posts\/9354\/revisions"}],"predecessor-version":[{"id":9424,"href":"https:\/\/millalprofessional.com\/ar\/wp-json\/wp\/v2\/posts\/9354\/revisions\/9424"}],"wp:featuredmedia":[{"embeddable":true,"href":"https:\/\/millalprofessional.com\/ar\/wp-json\/wp\/v2\/media\/9355"}],"wp:attachment":[{"href":"https:\/\/millalprofessional.com\/ar\/wp-json\/wp\/v2\/media?parent=9354"}],"wp:term":[{"taxonomy":"category","embeddable":true,"href":"https:\/\/millalprofessional.com\/ar\/wp-json\/wp\/v2\/categories?post=9354"},{"taxonomy":"post_tag","embeddable":true,"href":"https:\/\/millalprofessional.com\/ar\/wp-json\/wp\/v2\/tags?post=9354"}],"curies":[{"name":"wp","href":"https:\/\/api.w.org\/{rel}","templated":true}]}}